{"id":4550,"date":"2026-09-02T13:23:10","date_gmt":"2026-09-02T11:23:10","guid":{"rendered":"https:\/\/celldomolk.hu\/?p=4550"},"modified":"2026-09-02T13:23:10","modified_gmt":"2026-09-02T11:23:10","slug":"hetvegi-programajanlo-celldomolkon-09-04-06","status":"publish","type":"post","link":"https:\/\/celldomolk.hu\/en\/hetvegi-programajanlo-celldomolkon-09-04-06\/","title":{"rendered":"H\u00e9tv\u00e9gi programaj\u00e1nl\u00f3 Celld\u00f6m\u00f6lk\u00f6n 09.04-06."},"content":{"rendered":"\n<p class=\"wp-block-paragraph\">Szeptember els\u0151 h\u00e9tv\u00e9g\u00e9j\u00e9n is v\u00e1ltozatos programok v\u00e1rj\u00e1k a celld\u00f6m\u00f6lkieket \u00e9s a v\u00e1rosba \u00e9rkez\u0151ket.<\/p>\n\n\n\n<p class=\"wp-block-paragraph\"><img decoding=\"async\" height=\"16\" width=\"16\" alt=\"\ud83c\udfac\" src=\"https:\/\/static.xx.fbcdn.net\/images\/emoji.php\/v9\/t2d\/1\/16\/1f3ac.png\"> Szeptember 4., p\u00e9ntek \u2013 20 \u00f3r\u00e1t\u00f3l<\/p>\n\n\n\n<p class=\"wp-block-paragraph\">K\u00f6z\u00f6s filmn\u00e9z\u00e9s a KMKK el\u0151tti t\u00e9ren<\/p>\n\n\n\n<p class=\"wp-block-paragraph\">A Cselekv\u0151 \u00d6sszefog\u00e1ssal Celld\u00f6m\u00f6lk\u00e9rt Egyes\u00fclet k\u00f6zrem\u0171k\u00f6d\u00e9s\u00e9vel k\u00f6z\u00f6s filmn\u00e9z\u00e9sre ker\u00fcl sor a KMKK el\u0151tti t\u00e9ren. A ny\u00e1r b\u00facs\u00faztat\u00e1sak\u00e9nt egy igazi magyar sikerfilm, a Szenved\u00e9lyes n\u0151k ker\u00fcl v\u00e1szonra.<\/p>\n\n\n\n<p class=\"wp-block-paragraph\"><img decoding=\"async\" height=\"16\" width=\"16\" alt=\"\ud83d\udca6\" src=\"https:\/\/static.xx.fbcdn.net\/images\/emoji.php\/v9\/tc1\/1\/16\/1f4a6.png\"> Szeptember 5., szombat \u2013 14 \u00f3r\u00e1t\u00f3l<\/p>\n\n\n\n<p class=\"wp-block-paragraph\">CSOBBANJ CELLD\u00d6M\u00d6LK! \u2013 csal\u00e1di v\u00edzi j\u00e1t\u00e9kok \u00e9s \u00fasz\u00f3verseny<\/p>\n\n\n\n<p class=\"wp-block-paragraph\">A <a href=\"https:\/\/www.facebook.com\/vulkanfurdo?__cft__[0]=AZimnxyjcLkUvDhQQ0u1oK1WWG7WbxNKfeAvVVF0-YmwGnW0EYCpGDriBGjecMVE1izE1VBDH48j1phACv000zDs-smW6z7RPX0DK9GLDDUZWWr-Tqj0GJG1nY9bB-dk41mhW8yddBmtlOHmsAGLrlop-ScbGKX3O1nn_-SwGcDaHJacwzvtGgh1aSv0pTI&amp;__tn__=-]K-R\">Vulk\u00e1n Gy\u00f3gy-\u00e9s \u00c9lm\u00e9nyf\u00fcrd\u0151<\/a> a nagysiker\u0171 augusztusi rendezv\u00e9ny ut\u00e1n most ism\u00e9t csobbani h\u00edvja a csal\u00e1dokat. A programban t\u00f6bbek k\u00f6z\u00f6tt Nemzeti V\u00edzi V\u00e1gta, torony\u00e9p\u00edt\u00e9s \u00e9s k\u00fcl\u00f6nb\u00f6z\u0151 v\u00edzi pr\u00f3bat\u00e9telek szerepelnek, az \u00fasz\u00f3versenyen pedig 25 \u00e9s 50 m\u00e9teres t\u00e1vokon, t\u00f6bb koroszt\u00e1lyban lehet indulni. A verseny v\u00e9g\u00e9n kider\u00fcl, ki lesz Celld\u00f6m\u00f6lk bajnoka.<\/p>\n\n\n\n<p class=\"wp-block-paragraph\"><img decoding=\"async\" height=\"16\" width=\"16\" alt=\"\ud83c\udf47\" src=\"https:\/\/static.xx.fbcdn.net\/images\/emoji.php\/v9\/te\/1\/16\/1f347.png\"> Szeptember 5., szombat \u2013 15 \u00f3r\u00e1t\u00f3l<\/p>\n\n\n\n<p class=\"wp-block-paragraph\">Sz\u00fcret a S\u00e1g-hegyen \u2013 <a href=\"https:\/\/www.facebook.com\/szivpince?__cft__[0]=AZimnxyjcLkUvDhQQ0u1oK1WWG7WbxNKfeAvVVF0-YmwGnW0EYCpGDriBGjecMVE1izE1VBDH48j1phACv000zDs-smW6z7RPX0DK9GLDDUZWWr-Tqj0GJG1nY9bB-dk41mhW8yddBmtlOHmsAGLrlop-ScbGKX3O1nn_-SwGcDaHJacwzvtGgh1aSv0pTI&amp;__tn__=-]K-R\">S\u00e1g hegyi Sz\u00edv Pince<\/a><\/p>\n\n\n\n<p class=\"wp-block-paragraph\">A Sz\u00edv Pinc\u00e9n\u00e9l a sz\u00fcreti hagyom\u00e1nyok elevenednek meg. A r\u00e9sztvev\u0151ket pr\u00e9sel\u00e9s, mustk\u00f3stol\u00e1s, k\u00f6z\u00f6s alkot\u00e1s \u00e9s j\u00e1t\u00e9kok v\u00e1rj\u00e1k.<\/p>\n\n\n\n<p class=\"wp-block-paragraph\"><img loading=\"lazy\" decoding=\"async\" height=\"16\" width=\"16\" alt=\"\ud83c\udfb6\" src=\"https:\/\/static.xx.fbcdn.net\/images\/emoji.php\/v9\/t1f\/1\/16\/1f3b6.png\"> 19:00-t\u00f3l a Vasi Zenei M\u0171hely celld\u00f6m\u00f6lki \u00e9nekesei gondoskodnak a zenei programr\u00f3l. Az este folyam\u00e1n csillag\u00e1szati j\u00e1t\u00e9kok, valamint t\u00e1vcs\u00f6ves \u00e9gboltk\u00e9mlel\u00e9s is v\u00e1rja az \u00e9rdekl\u0151d\u0151ket a P\u00e1pai Csillag\u00e1szati Klub k\u00f6zrem\u0171k\u00f6d\u00e9s\u00e9vel. <img loading=\"lazy\" decoding=\"async\" height=\"16\" width=\"16\" alt=\"\ud83d\udd2d\" src=\"https:\/\/static.xx.fbcdn.net\/images\/emoji.php\/v9\/tff\/1\/16\/1f52d.png\"><\/p>\n\n\n\n<p class=\"wp-block-paragraph\"><img loading=\"lazy\" decoding=\"async\" height=\"16\" width=\"16\" alt=\"\ud83c\udfad\" src=\"https:\/\/static.xx.fbcdn.net\/images\/emoji.php\/v9\/tae\/1\/16\/1f3ad.png\"> Szeptember 6., vas\u00e1rnap 16 \u00f3r\u00e1t\u00f3l<\/p>\n\n\n\n<p class=\"wp-block-paragraph\">\u00c9vadnyit\u00f3 \u00e9s premier a <a href=\"https:\/\/www.facebook.com\/soltisszinhaz?__cft__[0]=AZimnxyjcLkUvDhQQ0u1oK1WWG7WbxNKfeAvVVF0-YmwGnW0EYCpGDriBGjecMVE1izE1VBDH48j1phACv000zDs-smW6z7RPX0DK9GLDDUZWWr-Tqj0GJG1nY9bB-dk41mhW8yddBmtlOHmsAGLrlop-ScbGKX3O1nn_-SwGcDaHJacwzvtGgh1aSv0pTI&amp;__tn__=-]K-R\">Soltis Lajos Sz\u00ednh\u00e1z<\/a>ban<\/p>\n\n\n\n<p class=\"wp-block-paragraph\">Vas\u00e1rnap kezdet\u00e9t veszi az \u00faj sz\u00ednh\u00e1zi \u00e9vad. F\u00e9s\u0171s \u00c9va mes\u00e9j\u00e9t Jobb\u00e1gy Kata rendezte sz\u00ednpadra. Az el\u0151ad\u00e1st k\u00f6vet\u0151en k\u00f6z\u00f6s palacsint\u00e1z\u00e1s v\u00e1rja a k\u00f6z\u00f6ns\u00e9get.<\/p>\n\n\n\n<p class=\"wp-block-paragraph\"><img loading=\"lazy\" decoding=\"async\" height=\"16\" width=\"16\" alt=\"\ud83d\udcc5\" src=\"https:\/\/static.xx.fbcdn.net\/images\/emoji.php\/v9\/t7e\/1\/16\/1f4c5.png\"> Film, sport, sz\u00fcret, zene, csillag\u00e1szat \u00e9s sz\u00ednh\u00e1z \u2013 szeptember els\u0151 h\u00e9tv\u00e9g\u00e9j\u00e9n is \u00e9rdemes lesz kimozdulni Celld\u00f6m\u00f6lk\u00f6n.<\/p>\n","protected":false},"excerpt":{"rendered":"<p>Szeptember els\u0151 h\u00e9tv\u00e9g\u00e9j\u00e9n is v\u00e1ltozatos programok v\u00e1rj\u00e1k a celld\u00f6m\u00f6lkieket \u00e9s a v\u00e1rosba \u00e9rkez\u0151ket. Szeptember 4., p\u00e9ntek \u2013 20 \u00f3r\u00e1t\u00f3l K\u00f6z\u00f6s filmn\u00e9z\u00e9s a KMKK el\u0151tti t\u00e9ren A Cselekv\u0151 \u00d6sszefog\u00e1ssal Celld\u00f6m\u00f6lk\u00e9rt Egyes\u00fclet k\u00f6zrem\u0171k\u00f6d\u00e9s\u00e9vel k\u00f6z\u00f6s filmn\u00e9z\u00e9sre ker\u00fcl sor a KMKK el\u0151tti t\u00e9ren. A ny\u00e1r b\u00facs\u00faztat\u00e1sak\u00e9nt egy igazi magyar sikerfilm, a Szenved\u00e9lyes n\u0151k ker\u00fcl v\u00e1szonra. Szeptember 5., szombat \u2013 [&hellip;]<\/p>\n","protected":false},"author":4,"featured_media":1586,"comment_status":"closed","ping_status":"open","sticky":false,"template":"","format":"standard","meta":{"footnotes":""},"categories":[23],"tags":[],"class_list":["post-4550","post","type-post","status-publish","format-standard","has-post-thumbnail","hentry","category-program"],"_links":{"self":[{"href":"https:\/\/celldomolk.hu\/en\/wp-json\/wp\/v2\/posts\/4550","targetHints":{"allow":["GET"]}}],"collection":[{"href":"https:\/\/celldomolk.hu\/en\/wp-json\/wp\/v2\/posts"}],"about":[{"href":"https:\/\/celldomolk.hu\/en\/wp-json\/wp\/v2\/types\/post"}],"author":[{"embeddable":true,"href":"https:\/\/celldomolk.hu\/en\/wp-json\/wp\/v2\/users\/4"}],"replies":[{"embeddable":true,"href":"https:\/\/celldomolk.hu\/en\/wp-json\/wp\/v2\/comments?post=4550"}],"version-history":[{"count":1,"href":"https:\/\/celldomolk.hu\/en\/wp-json\/wp\/v2\/posts\/4550\/revisions"}],"predecessor-version":[{"id":4551,"href":"https:\/\/celldomolk.hu\/en\/wp-json\/wp\/v2\/posts\/4550\/revisions\/4551"}],"wp:featuredmedia":[{"embeddable":true,"href":"https:\/\/celldomolk.hu\/en\/wp-json\/wp\/v2\/media\/1586"}],"wp:attachment":[{"href":"https:\/\/celldomolk.hu\/en\/wp-json\/wp\/v2\/media?parent=4550"}],"wp:term":[{"taxonomy":"category","embeddable":true,"href":"https:\/\/celldomolk.hu\/en\/wp-json\/wp\/v2\/categories?post=4550"},{"taxonomy":"post_tag","embeddable":true,"href":"https:\/\/celldomolk.hu\/en\/wp-json\/wp\/v2\/tags?post=4550"}],"curies":[{"name":"wp","href":"https:\/\/api.w.org\/{rel}","templated":true}]}}